{"id":7727,"date":"2021-11-08T15:34:00","date_gmt":"2021-11-08T15:34:00","guid":{"rendered":"https:\/\/autosuministres.com\/?p=7727"},"modified":"2022-07-15T15:23:34","modified_gmt":"2022-07-15T15:23:34","slug":"asm-ha-apostat-per-una-fira-amb-informacio-personalitzada","status":"publish","type":"post","link":"https:\/\/autosuministres.com\/ca\/noticies\/asm-ha-apostat-per-una-fira-amb-informacio-personalitzada\/","title":{"rendered":"ASM ha apostat per una fira amb informaci\u00f3 personalitzada"},"content":{"rendered":"\n<p class=\"has-text-align-center has-medium-font-size\"><strong>Des d&#8217;ASM es va creure adient portar la fira del carav\u00e0ning d&#8217;enguany a les nostres instal\u00b7lacions. Cuidar als nostres visitants i clients \u00e9s&nbsp;primordial per a nosaltres.<\/strong><\/p>\n\n\n\n<figure class=\"wp-block-image alignwide size-large\"><img fetchpriority=\"high\" decoding=\"async\" width=\"1024\" height=\"683\" src=\"https:\/\/autosuministres.com\/wp-content\/uploads\/2022\/06\/Fira-ASM-1024x683.jpg\" alt=\"\" class=\"wp-image-6822\" srcset=\"https:\/\/autosuministres.com\/wp-content\/uploads\/2022\/06\/Fira-ASM-1024x683.jpg 1024w, https:\/\/autosuministres.com\/wp-content\/uploads\/2022\/06\/Fira-ASM-700x467.jpg 700w, https:\/\/autosuministres.com\/wp-content\/uploads\/2022\/06\/Fira-ASM-768x512.jpg 768w, https:\/\/autosuministres.com\/wp-content\/uploads\/2022\/06\/Fira-ASM.jpg 1417w\" sizes=\"(max-width: 1024px) 100vw, 1024px\" \/><\/figure>\n\n\n\n<p>El passat mes d\u2019octubre va tenir lloc la&nbsp;<strong>35\u00aa edici\u00f3 de la fira del carav\u00e0ning a Barcelona<\/strong>. El juny\/juliol el grup&nbsp;Hymer va decidir no participar-hi ateses les circumst\u00e0ncies del moment,&nbsp;i des d\u2019ASM Motor vam determinar celebrar-la a les nostres instal\u00b7lacions de Vic.&nbsp;Amb un format m\u00e9s redu\u00eft i centrats en els nostres clients y possibles nous clients, prenent les mesures pertinents contra la pand\u00e8mia.<\/p>\n\n\n\n<p>El fet de disposar de la<strong>&nbsp;fira permanent a les nostres instal\u00b7lacions<\/strong>&nbsp;ens ha perm\u00e8s portar a terme l\u2019event d\u2019una manera similar a la que ho hem fet els darrers anys a Barcelona, per\u00f2 atenent als nostres assistents de manera m\u00e9s personalitzada i amb control d&#8217;aforament.<\/p>\n\n\n\n<p>Van ser 15 dies de molta feina i sacrifici, per\u00f2 estem<strong>&nbsp;molt orgullosos dels resultats obtinguts,<\/strong>&nbsp;aconseguint una molt bona aflu\u00e8ncia i resposta dels clients.<\/p>\n\n\n\n<p>Si no vas poder venir a la fira per\u00f2 t\u2019hagu\u00e9s agradat, no et preocupis,&nbsp;<strong>pots venir a visitar-nos demanant cita pr\u00e8via&nbsp;<\/strong>a trav\u00e9s del tel\u00e8fon&nbsp;<strong>938 83 29 27&nbsp;<\/strong>o enviant-nos un correu<strong>&nbsp;fent click al bot\u00f3<\/strong>&nbsp;que tens a continuaci\u00f3.<\/p>\n","protected":false},"excerpt":{"rendered":"<p>ASM ha apostat per una fira amb informaci\u00f3 personalitzada<\/p>\n","protected":false},"author":3,"featured_media":6822,"comment_status":"open","ping_status":"open","sticky":false,"template":"","format":"standard","meta":{"footnotes":""},"categories":[43],"tags":[],"class_list":["post-7727","post","type-post","status-publish","format-standard","has-post-thumbnail","hentry","category-noticies"],"_links":{"self":[{"href":"https:\/\/autosuministres.com\/ca\/wp-json\/wp\/v2\/posts\/7727","targetHints":{"allow":["GET"]}}],"collection":[{"href":"https:\/\/autosuministres.com\/ca\/wp-json\/wp\/v2\/posts"}],"about":[{"href":"https:\/\/autosuministres.com\/ca\/wp-json\/wp\/v2\/types\/post"}],"author":[{"embeddable":true,"href":"https:\/\/autosuministres.com\/ca\/wp-json\/wp\/v2\/users\/3"}],"replies":[{"embeddable":true,"href":"https:\/\/autosuministres.com\/ca\/wp-json\/wp\/v2\/comments?post=7727"}],"version-history":[{"count":0,"href":"https:\/\/autosuministres.com\/ca\/wp-json\/wp\/v2\/posts\/7727\/revisions"}],"wp:featuredmedia":[{"embeddable":true,"href":"https:\/\/autosuministres.com\/ca\/wp-json\/wp\/v2\/media\/6822"}],"wp:attachment":[{"href":"https:\/\/autosuministres.com\/ca\/wp-json\/wp\/v2\/media?parent=7727"}],"wp:term":[{"taxonomy":"category","embeddable":true,"href":"https:\/\/autosuministres.com\/ca\/wp-json\/wp\/v2\/categories?post=7727"},{"taxonomy":"post_tag","embeddable":true,"href":"https:\/\/autosuministres.com\/ca\/wp-json\/wp\/v2\/tags?post=7727"}],"curies":[{"name":"wp","href":"https:\/\/api.w.org\/{rel}","templated":true}]}}