{"id":18386,"date":"2023-09-29T08:28:44","date_gmt":"2023-09-29T08:28:44","guid":{"rendered":"https:\/\/autosuministres.com\/noticies\/autosuministres-motor-sera-en-el-salon-internacional-del-caravaning\/"},"modified":"2023-10-03T09:14:09","modified_gmt":"2023-10-03T09:14:09","slug":"autosuministres-motor-sera-en-el-salon-internacional-del-caravaning","status":"publish","type":"post","link":"https:\/\/autosuministres.com\/ca\/noticies\/autosuministres-motor-sera-en-el-salon-internacional-del-caravaning\/","title":{"rendered":"AutoSuministres Motor ser\u00e0 al Sal\u00f3 Internacional del Carav\u00e0ning"},"content":{"rendered":"\n<p><strong>Del 7 al 15 d\u2019octubre, AutoSuministres Motor ser\u00e0 al Sal\u00f3 Internacional del Carav\u00e0ning a Barcelona, la fira m\u00e9s important del m\u00f3n del carav\u00e0ning en el nostre pa\u00eds.<\/strong><\/p>\n\n\n\n<p>AutoSuministres Motor formar\u00e0 part del Sal\u00f3 Internacional del Carav\u00e0ning durant la segona setmana d\u2019octubre, es tracta d\u2019una fira bianual.<\/p>\n\n\n\n<p>Enguany, hi presentarem les tres darreres marques que hem incorporat al concessionari: <strong>Carthago, CI i Rapido<\/strong>. I tamb\u00e9 hi portarem <strong>Globecar<\/strong>, que fabrica campers amb estil, segures, pr\u00e0ctiques i amb una qualitat-preu excepcional.<\/p>\n\n\n\n<figure class=\"wp-block-image\"><img decoding=\"async\" src=\"https:\/\/mcusercontent.com\/7da2317cc54c9de5e9e97899f\/images\/0925b2bc-698c-8119-7c59-c150bc5f94a4.png\" alt=\"\"\/><\/figure>\n\n\n\n<p>A m\u00e9s, al costat del nostre estand hi tindrem <strong>Erwin Hymer Group<\/strong> amb algunes de les marques del grup que continuem representant: Hymer, Laika, Etrusco i Eriba.<\/p>\n\n\n\n<p>A cada una de les marques <strong>hi haur\u00e0 els nostres assessors comercials<\/strong> per poder atendre totes les visites i solucionar els dubtes que els puguin apar\u00e8ixer.<\/p>\n\n\n\n<p>Des d\u2019ASM volem consolidar un <strong>ampli ventall de vehicles amb diferents distribucions, preus i necessitats pel client<\/strong>, perqu\u00e8 el nostre objectiu sempre ha estat i ser\u00e0 el mateix: aconseguir que el client trobi l\u2019autocaravana, camper o caravana dels seus somnis i pugui gaudir-la durant molts anys. Us esperem per ensenyar-vos <strong>les \u00faltimes novetats i oferir-vos com sempre els millors preus.<\/strong><\/p>\n\n\n\n<p>El <strong>nostre estand<\/strong> ser\u00e0 el <strong>n\u00famero 183<\/strong> (just al costat de Carthago) i estar\u00e0 ubicat <strong>al pavell\u00f3 3<\/strong>, a continuaci\u00f3 hi haur\u00e0 les marques del grup Hymer, mentre que, la marca <strong>Rapido<\/strong>, ser\u00e0 <strong>al pavell\u00f3 4<\/strong>.<\/p>\n\n\n\n<figure class=\"wp-block-image\"><img decoding=\"async\" src=\"https:\/\/mcusercontent.com\/7da2317cc54c9de5e9e97899f\/images\/2632f1a4-e019-3573-a682-ffdbbd4c5f25.jpg\" alt=\"\"\/><\/figure>\n\n\n\n<p><strong>El Sal\u00f3 Internacional del Carav\u00e0ning celebra la seva 38<sup>a<\/sup> edici\u00f3<\/strong> amb m\u00e9s de 65.000m2 d\u2019exposici\u00f3, 250 marques, 134 expositors i m\u00e9s de 1.000 models d\u2019autocaravanes i campers. En aquest esdeveniment, hi podem trobar tot el qu\u00e8 est\u00e0 relacionat amb el m\u00f3n dels vehicles recreatius, per\u00f2 tamb\u00e9 tot el que envolta el m\u00f3n del c\u00e0mping, glamping, destinacions i viatges, equipament i accessoris, moda esportiva, remolcs, botigues, assegurances, associacions i clubs, serveis especialitzats, mitjans de comunicaci\u00f3&#8230;<\/p>\n\n\n\n<p>Els esperem, un any m\u00e9s, en el Recinte Gran Via de Barcelona!<\/p>\n","protected":false},"excerpt":{"rendered":"<p>Del 7 al 15 de octubre, AutoSuministres Motor estar\u00e0 en el Sal\u00f3 Internacional del Carav\u00e0ning a Barcelona<\/p>\n","protected":false},"author":3,"featured_media":18395,"comment_status":"open","ping_status":"open","sticky":false,"template":"","format":"standard","meta":{"footnotes":""},"categories":[43],"tags":[],"class_list":["post-18386","post","type-post","status-publish","format-standard","has-post-thumbnail","hentry","category-noticies"],"_links":{"self":[{"href":"https:\/\/autosuministres.com\/ca\/wp-json\/wp\/v2\/posts\/18386","targetHints":{"allow":["GET"]}}],"collection":[{"href":"https:\/\/autosuministres.com\/ca\/wp-json\/wp\/v2\/posts"}],"about":[{"href":"https:\/\/autosuministres.com\/ca\/wp-json\/wp\/v2\/types\/post"}],"author":[{"embeddable":true,"href":"https:\/\/autosuministres.com\/ca\/wp-json\/wp\/v2\/users\/3"}],"replies":[{"embeddable":true,"href":"https:\/\/autosuministres.com\/ca\/wp-json\/wp\/v2\/comments?post=18386"}],"version-history":[{"count":5,"href":"https:\/\/autosuministres.com\/ca\/wp-json\/wp\/v2\/posts\/18386\/revisions"}],"predecessor-version":[{"id":18428,"href":"https:\/\/autosuministres.com\/ca\/wp-json\/wp\/v2\/posts\/18386\/revisions\/18428"}],"wp:featuredmedia":[{"embeddable":true,"href":"https:\/\/autosuministres.com\/ca\/wp-json\/wp\/v2\/media\/18395"}],"wp:attachment":[{"href":"https:\/\/autosuministres.com\/ca\/wp-json\/wp\/v2\/media?parent=18386"}],"wp:term":[{"taxonomy":"category","embeddable":true,"href":"https:\/\/autosuministres.com\/ca\/wp-json\/wp\/v2\/categories?post=18386"},{"taxonomy":"post_tag","embeddable":true,"href":"https:\/\/autosuministres.com\/ca\/wp-json\/wp\/v2\/tags?post=18386"}],"curies":[{"name":"wp","href":"https:\/\/api.w.org\/{rel}","templated":true}]}}