{"id":12084,"date":"2022-11-28T09:41:55","date_gmt":"2022-11-28T09:41:55","guid":{"rendered":"https:\/\/autosuministres.com\/noticies\/autosuministres-motor-lleva-mas-de-una-decada-enviando-autocaravanas-al-rally-dakar\/"},"modified":"2022-11-28T10:36:13","modified_gmt":"2022-11-28T10:36:13","slug":"autosuministres-motor-porta-mes-duna-decada-enviant-autocaravanes-al-rally-dakar","status":"publish","type":"post","link":"https:\/\/autosuministres.com\/ca\/noticies\/autosuministres-motor-porta-mes-duna-decada-enviant-autocaravanes-al-rally-dakar\/","title":{"rendered":"AutoSuministres Motor porta m\u00e9s d&#8217;una d\u00e8cada enviant autocaravanes al Rally Dakar"},"content":{"rendered":"\n<p><strong><strong>Un any m\u00e9s, i amb aquest ja en s\u00f3n 11, AutoSuministres Motor torna al Dakar. Aquesta vegada, amb una trentena d\u2019autocaravanes.<\/strong><\/strong><\/p>\n\n\n\n<div class=\"wp-block-columns is-layout-flex wp-container-core-columns-is-layout-28f84493 wp-block-columns-is-layout-flex\">\n<div class=\"wp-block-column is-layout-flow wp-block-column-is-layout-flow\">\n<p>Ja s\u00f3n 11 anys els que AutoSuministres Motor porta enviant autocaravanes al Dakar per cobrir les necessitats d\u2019equips d\u2019arreu del m\u00f3n amb reconeguts pilots al capdavant; i <strong>en aquesta 45\u00aa edici\u00f3, n\u2019hi van una trentena<\/strong>. D\u2019aquesta manera, els assistents disposen d\u2019un lloc c\u00f2mode i pr\u00e0ctic on descansar, dutxar-se, cuinar, desconnectar o planificar la seg\u00fcent etapa. Un empla\u00e7ament on sentir-se com a casa i on hi troben la seva zona de confort.<\/p>\n\n\n\n<p><strong>La pilot catalana de KH7,<\/strong> <strong>Laia Sanz<\/strong>, tornar\u00e0 a <strong>comptar amb un dels vehicles d\u2019ASM<\/strong>, una Carado T 338. Any rere any, diposita la seva confian\u00e7a a AutoSuministres Motor per tenir les millors condicions durant el rally m\u00e9s dur del m\u00f3n.<\/p>\n\n\n\n<p>Els equips <strong>HRC, Century, Alpinestars, BRX-Prodrive o X-Raid<\/strong>, amb coneguts pilots com Sebastian Loeb o Orlando Terranova <strong>tamb\u00e9 faran estada a les autocaravanes d\u2019ASM<\/strong>. A m\u00e9s, d\u2019alguns pilots particulars.<\/p>\n\n\n\n<p>El <strong>Rally Dakar<\/strong> d\u2019enguany <strong>tindr\u00e0 lloc del<\/strong> <strong>31 de desembre del 2022 al 15 de gener del 2023 a Ar\u00e0bia Saudita. <\/strong>Un tra\u00e7 en diagonal que recorrer\u00e0 el pa\u00eds de banda a banda amb <strong>14 etapes<\/strong>, que faran passar els pilots, primer, per les muntanyes del nord-est, i que acabar\u00e0 a les dunes de l\u2019Empty Quarter.<\/p>\n\n\n\n<p>Desitgem molta sort a tots els participants!<\/p>\n<\/div>\n\n\n\n<div class=\"wp-block-column is-layout-flow wp-block-column-is-layout-flow\">\n<figure class=\"wp-block-image size-large\"><img fetchpriority=\"high\" decoding=\"async\" width=\"1024\" height=\"884\" src=\"https:\/\/autosuministres.com\/wp-content\/uploads\/2022\/11\/Dakar-3-1024x884.jpg\" alt=\"\" class=\"wp-image-12092\" srcset=\"https:\/\/autosuministres.com\/wp-content\/uploads\/2022\/11\/Dakar-3-1024x884.jpg 1024w, https:\/\/autosuministres.com\/wp-content\/uploads\/2022\/11\/Dakar-3-700x604.jpg 700w, https:\/\/autosuministres.com\/wp-content\/uploads\/2022\/11\/Dakar-3-768x663.jpg 768w, https:\/\/autosuministres.com\/wp-content\/uploads\/2022\/11\/Dakar-3-1536x1326.jpg 1536w, https:\/\/autosuministres.com\/wp-content\/uploads\/2022\/11\/Dakar-3-2048x1768.jpg 2048w\" sizes=\"(max-width: 1024px) 100vw, 1024px\" \/><\/figure>\n<\/div>\n<\/div>\n","protected":false},"excerpt":{"rendered":"<p>AutoSuministres Motor porta m\u00e9s d&#8217;una d\u00e8cada enviant autocaravanes al Rally Dakar<\/p>\n","protected":false},"author":3,"featured_media":12082,"comment_status":"open","ping_status":"open","sticky":false,"template":"","format":"standard","meta":{"footnotes":""},"categories":[43],"tags":[],"class_list":["post-12084","post","type-post","status-publish","format-standard","has-post-thumbnail","hentry","category-noticies"],"_links":{"self":[{"href":"https:\/\/autosuministres.com\/ca\/wp-json\/wp\/v2\/posts\/12084","targetHints":{"allow":["GET"]}}],"collection":[{"href":"https:\/\/autosuministres.com\/ca\/wp-json\/wp\/v2\/posts"}],"about":[{"href":"https:\/\/autosuministres.com\/ca\/wp-json\/wp\/v2\/types\/post"}],"author":[{"embeddable":true,"href":"https:\/\/autosuministres.com\/ca\/wp-json\/wp\/v2\/users\/3"}],"replies":[{"embeddable":true,"href":"https:\/\/autosuministres.com\/ca\/wp-json\/wp\/v2\/comments?post=12084"}],"version-history":[{"count":0,"href":"https:\/\/autosuministres.com\/ca\/wp-json\/wp\/v2\/posts\/12084\/revisions"}],"wp:featuredmedia":[{"embeddable":true,"href":"https:\/\/autosuministres.com\/ca\/wp-json\/wp\/v2\/media\/12082"}],"wp:attachment":[{"href":"https:\/\/autosuministres.com\/ca\/wp-json\/wp\/v2\/media?parent=12084"}],"wp:term":[{"taxonomy":"category","embeddable":true,"href":"https:\/\/autosuministres.com\/ca\/wp-json\/wp\/v2\/categories?post=12084"},{"taxonomy":"post_tag","embeddable":true,"href":"https:\/\/autosuministres.com\/ca\/wp-json\/wp\/v2\/tags?post=12084"}],"curies":[{"name":"wp","href":"https:\/\/api.w.org\/{rel}","templated":true}]}}