{"id":11931,"date":"2022-11-18T17:11:39","date_gmt":"2022-11-18T17:11:39","guid":{"rendered":"https:\/\/autosuministres.com\/?p=11931"},"modified":"2022-11-18T17:20:16","modified_gmt":"2022-11-18T17:20:16","slug":"black-week-a-autosuministres-motor","status":"publish","type":"post","link":"https:\/\/autosuministres.com\/ca\/noticies\/black-week-a-autosuministres-motor\/","title":{"rendered":"Black Week a AutoSuministres Motor"},"content":{"rendered":"\n<p><strong>S\u2019acosta el Black Friday i nosaltres tornem a fer la Black Week! Aquesta vegada, amb descomptes en campers i accessoris!<\/strong><\/p>\n\n\n\n<div class=\"wp-block-columns is-layout-flex wp-container-core-columns-is-layout-28f84493 wp-block-columns-is-layout-flex\">\n<div class=\"wp-block-column is-layout-flow wp-block-column-is-layout-flow\">\n<p>El proper divendres 25 de novembre se celebra el Black Friday i des d\u2019AutoSuministres Motor ens hi tornem a apuntar! Aix\u00f2 s\u00ed, considerem que un dia es fa massa curt i volem allargar-lo durant tota la setmana.<\/p>\n\n\n\n<p>Aix\u00ed que, <strong>del dilluns 21 al dissabte 26 de novembre<\/strong> trobar\u00e0, a les nostres instal\u00b7lacions, tres models de campers en estoc amb descomptes, un 15% en avanc\u00e9s i un 20% en la marca Gimex i en les taules Brunner.<\/p>\n\n\n\n<p><strong>RoadCar, Vanster i Campster<\/strong> s\u00f3n els tres models de camper que tindrem amb promoci\u00f3! Vehicles pr\u00e0ctics, c\u00f2modes i vers\u00e0tils amb els que podem fer escapades i, alhora, utilitzar-los pel nostre dia a dia.<\/p>\n<\/div>\n\n\n\n<div class=\"wp-block-column is-layout-flow wp-block-column-is-layout-flow\">\n<p>Pel que fa els accessoris de la nostra botiga, tindrem un <strong>15% de descompte en avanc\u00e9s, 20% de descompte<\/strong> en les vaixelles, gots, copes i coberts de la <strong>marca Gimex<\/strong>, i un <strong>20% de descompte, tamb\u00e9, en les taules<\/strong> <strong>Brunner<\/strong>. D\u2019aquesta manera, podr\u00e0 equipar la seva caravana, autocaravana o camper, i tenir-la a punt per la propera escapada!<\/p>\n\n\n\n<p>Si necessita m\u00e9s informaci\u00f3, vol demanar cita o est\u00e0 interessat en algun producte en concret, ens pot escriure a <a href=\"mailto:info@autosuministres.com\"><strong>info@autosuministres.com<\/strong><\/a> o b\u00e9 trucar-nos al <strong>938 83 29 27.<\/strong><\/p>\n<\/div>\n<\/div>\n","protected":false},"excerpt":{"rendered":"<p>Black Week a AutoSuministres Motor<\/p>\n","protected":false},"author":3,"featured_media":11944,"comment_status":"open","ping_status":"open","sticky":false,"template":"","format":"standard","meta":{"footnotes":""},"categories":[43],"tags":[],"class_list":["post-11931","post","type-post","status-publish","format-standard","has-post-thumbnail","hentry","category-noticies"],"_links":{"self":[{"href":"https:\/\/autosuministres.com\/ca\/wp-json\/wp\/v2\/posts\/11931","targetHints":{"allow":["GET"]}}],"collection":[{"href":"https:\/\/autosuministres.com\/ca\/wp-json\/wp\/v2\/posts"}],"about":[{"href":"https:\/\/autosuministres.com\/ca\/wp-json\/wp\/v2\/types\/post"}],"author":[{"embeddable":true,"href":"https:\/\/autosuministres.com\/ca\/wp-json\/wp\/v2\/users\/3"}],"replies":[{"embeddable":true,"href":"https:\/\/autosuministres.com\/ca\/wp-json\/wp\/v2\/comments?post=11931"}],"version-history":[{"count":0,"href":"https:\/\/autosuministres.com\/ca\/wp-json\/wp\/v2\/posts\/11931\/revisions"}],"wp:featuredmedia":[{"embeddable":true,"href":"https:\/\/autosuministres.com\/ca\/wp-json\/wp\/v2\/media\/11944"}],"wp:attachment":[{"href":"https:\/\/autosuministres.com\/ca\/wp-json\/wp\/v2\/media?parent=11931"}],"wp:term":[{"taxonomy":"category","embeddable":true,"href":"https:\/\/autosuministres.com\/ca\/wp-json\/wp\/v2\/categories?post=11931"},{"taxonomy":"post_tag","embeddable":true,"href":"https:\/\/autosuministres.com\/ca\/wp-json\/wp\/v2\/tags?post=11931"}],"curies":[{"name":"wp","href":"https:\/\/api.w.org\/{rel}","templated":true}]}}